{"id":638,"date":"2026-09-01T08:38:30","date_gmt":"2026-09-01T06:38:30","guid":{"rendered":"https:\/\/www.communion-unite.org\/?p=638"},"modified":"2026-09-01T08:40:26","modified_gmt":"2026-09-01T06:40:26","slug":"nir-am","status":"publish","type":"post","link":"https:\/\/www.communion-unite.org\/en\/article\/nir-am\/","title":{"rendered":"Nir Am, choisir la vie apr\u00e8s le 7 octobre"},"content":{"rendered":"\n<p class=\"wp-block-paragraph\">Le 26 ao\u00fbt 2026, \u00e0\u00a0<a>la HET-PRO\u00a0<\/a><a href=\"applewebdata:\/\/3B460B0B-AD16-4913-A19E-783B2AE73E2C#_msocom_1\">[1]<\/a>\u00a0(Saint L\u00e9gier), Yoni et Patrick, deux habitants du kibboutz Nir Am, situ\u00e9 \u00e0 quelques centaines de m\u00e8tres de la bande de Gaza, ont t\u00e9moign\u00e9 de ce qu\u2019ils ont v\u00e9cu depuis le 7 octobre 2023. Venus en Suisse \u00e0 l\u2019invitation d\u2019amis qui soutiennent leur communaut\u00e9, ils ont voulu raconter leur exp\u00e9rience, mais aussi rencontrer, dialoguer et r\u00e9pondre aux questions. Leur parole, marqu\u00e9e par les \u00e9v\u00e9nements qu\u2019ils ont travers\u00e9s, exprime avant tout un d\u00e9sir : retrouver une vie normale, reconstruire leur communaut\u00e9 et faire conna\u00eetre la r\u00e9alit\u00e9 telle qu\u2019ils la per\u00e7oivent.<\/p>\n\n\n\n<p class=\"wp-block-paragraph\"><strong>Du 6 au 7 octobre : le basculement<\/strong><\/p>\n\n\n\n<p class=\"wp-block-paragraph\">Le contraste entre les images du 6 octobre et celles du lendemain demeure saisissant. La veille, Nir Am c\u00e9l\u00e9brait Soukkot, la f\u00eate des Cabanes. Les familles \u00e9taient r\u00e9unies, les enfants jouaient et la communaut\u00e9 vivait un moment festif. Le kibboutz compte environ 800 habitants, dont pr\u00e8s de 200 enfants.<\/p>\n\n\n\n<p class=\"wp-block-paragraph\">Le 7 octobre, vers 6 h 30, les sir\u00e8nes ont retenti. Rapidement, l\u2019\u00e9lectricit\u00e9 et les t\u00e9l\u00e9communications ont \u00e9t\u00e9 interrompues. Pendant plusieurs heures, les habitants ne savaient presque rien de ce qui se passait autour d\u2019eux. Ils sont rest\u00e9s dans leurs abris durant une quinzaine d\u2019heures, avant d\u2019\u00eatre \u00e9vacu\u00e9s au milieu de la nuit vers Tel-Aviv.<\/p>\n\n\n\n<p class=\"wp-block-paragraph\">Commence alors une autre \u00e9preuve : celle du d\u00e9placement. Durant dix mois, les habitants de Nir Am ont v\u00e9cu loin de chez eux. Des familles habitu\u00e9es \u00e0 une maison se sont retrouv\u00e9es dans une chambre d\u2019h\u00f4tel de quelques m\u00e8tres carr\u00e9s, avec leurs enfants et parfois leurs animaux. Mais la perte la plus difficile \u00e0 mesurer concerne les enfants. Ils ont \u00e9t\u00e9 s\u00e9par\u00e9s de leurs camarades, de leurs enseignants et de leurs habitudes. Certains, aujourd\u2019hui encore, ont peur de sortir seuls ou rencontrent des difficult\u00e9s scolaires. Beaucoup d\u2019enfants et d\u2019adultes ont besoin d\u2019un accompagnement psychologique.<\/p>\n\n\n\n<p class=\"wp-block-paragraph\"><strong>Une blessure qui traverse toute la soci\u00e9t\u00e9<\/strong><\/p>\n\n\n\n<p class=\"wp-block-paragraph\">Pour Patrick, cette p\u00e9riode ne peut pas \u00eatre consid\u00e9r\u00e9e comme termin\u00e9e. Les habitants vivent encore dans une situation de traumatisme prolong\u00e9. Les \u00e9v\u00e9nements du 7 octobre ont touch\u00e9 personnellement presque toutes les familles isra\u00e9liennes, directement ou indirectement.<\/p>\n\n\n\n<p class=\"wp-block-paragraph\">Patrick en t\u00e9moigne avec retenue \u00e0 partir de sa propre histoire. Son fils participait au festival Nova, o\u00f9 des centaines de personnes ont \u00e9t\u00e9 tu\u00e9es. Lui aussi a \u00e9t\u00e9 assassin\u00e9 ce jour-l\u00e0. Cette perte donne \u00e0 son t\u00e9moignage une gravit\u00e9 particuli\u00e8re. Dans un petit pays o\u00f9 les liens familiaux, professionnels et amicaux sont nombreux, chacun conna\u00eet une personne tu\u00e9e, bless\u00e9e ou directement atteinte par la guerre.<\/p>\n\n\n\n<p class=\"wp-block-paragraph\">La plupart des habitants de Nir Am sont revenus chez eux \u00e0 partir d\u2019ao\u00fbt 2024. Environ 85 % auraient retrouv\u00e9 le kibboutz, mais certaines familles ne se sentent pas capables de revenir et peut-\u00eatre ne le feront-elles jamais. Pour ceux qui sont rentr\u00e9s, il s\u2019agit d\u2019apprendre \u00e0 habiter de nouveau un lieu associ\u00e9 \u00e0 la peur, tout en retrouvant le travail, l\u2019\u00e9cole et une vie communautaire.<\/p>\n\n\n\n<p class=\"wp-block-paragraph\"><strong>Vivre ensemble reste possible<\/strong><\/p>\n\n\n\n<p class=\"wp-block-paragraph\">Interrog\u00e9 sur les relations avec les Arabes isra\u00e9liens, Patrick insiste sur une r\u00e9alit\u00e9 quotidienne souvent m\u00e9connue \u00e0 l\u2019\u00e9tranger. Juifs et Arabes vivent et travaillent ensemble dans de nombreux secteurs. Il donne l\u2019exemple du m\u00e9decin de Nir Am, arabe isra\u00e9lien, qui soigne les familles du kibboutz. La population arabe d\u2019Isra\u00ebl est elle-m\u00eame diverse : musulmans, chr\u00e9tiens, B\u00e9douins et autres communaut\u00e9s y coexistent.<\/p>\n\n\n\n<p class=\"wp-block-paragraph\">Pour Patrick, cette exp\u00e9rience montre que le vivre-ensemble est possible. Il reconna\u00eet cependant l&rsquo;existence d&rsquo;extr\u00e9mismes et affirme, \u00e0 la fin de la rencontre, qu\u2019ils existent \u00ab des deux c\u00f4t\u00e9s \u00bb. La majorit\u00e9 des personnes, estime-t-il, souhaitent simplement travailler, \u00e9lever leurs enfants et vivre en s\u00e9curit\u00e9. La solidarit\u00e9 et la connaissance personnelle peuvent ainsi contribuer \u00e0 d\u00e9passer les repr\u00e9sentations simplistes.<\/p>\n\n\n\n<p class=\"wp-block-paragraph\"><strong>Que peut faire la Suisse ?<\/strong><\/p>\n\n\n\n<p class=\"wp-block-paragraph\">\u00c0 la question de savoir comment les Suisses pourraient aider, les deux t\u00e9moins donnent des r\u00e9ponses compl\u00e9mentaires. Patrick souligne l\u2019importance du soutien concret apport\u00e9 par&nbsp;<em>Isra\u00ebl Werke Schweiz<\/em>&nbsp;(IWS) : accompagner la reconstruction de la vie communautaire, cr\u00e9er des liens et soutenir les familles qui cherchent \u00e0 retrouver une existence ordinaire.<\/p>\n\n\n\n<p class=\"wp-block-paragraph\">Yoni insiste, quant \u00e0 lui, sur la n\u00e9cessit\u00e9 de faire conna\u00eetre leur compr\u00e9hension de ce qui se passe en Isra\u00ebl. Il estime que les r\u00e9seaux sociaux et certains m\u00e9dias transmettent une image qu\u2019il juge souvent d\u00e9form\u00e9e. Selon lui, l\u2019arm\u00e9e isra\u00e9lienne agit d\u2019abord dans une logique de d\u00e9fense, m\u00eame si toute guerre entra\u00eene des drames et des victimes. Patrick compl\u00e8te cette r\u00e9ponse en invitant surtout \u00e0 venir, \u00e0 rencontrer les habitants, \u00e0 conna\u00eetre les lieux et \u00e0 \u00e9couter les personnes. Pour lui, la premi\u00e8re aide consiste \u00e0 chercher \u00e0 comprendre la r\u00e9alit\u00e9 dans sa complexit\u00e9.<\/p>\n\n\n\n<p class=\"wp-block-paragraph\"><strong>Reconstruire et choisir la vie<\/strong><\/p>\n\n\n\n<p class=\"wp-block-paragraph\">Les questions ont \u00e9galement port\u00e9 sur l\u2019aliyah, la polarisation politique et les prochaines \u00e9lections. Patrick constate une grande fatigue de la population apr\u00e8s des ann\u00e9es de tensions et de mobilisation militaire. Il souhaite que les responsables politiques assument leurs responsabilit\u00e9s et que le syst\u00e8me d\u00e9mocratique permette un renouvellement. Yoni rappelle cependant que, pour beaucoup d\u2019Isra\u00e9liens, la s\u00e9curit\u00e9 demeure une pr\u00e9occupation majeure, notamment face au Hezbollah \u00e0 la fronti\u00e8re nord.<\/p>\n\n\n\n<p class=\"wp-block-paragraph\">Malgr\u00e9 tout, les deux hommes refusent de renoncer \u00e0 l\u2019avenir. Nir Am poursuit ses activit\u00e9s agricoles, d\u00e9veloppe le tourisme, les installations solaires et des projets de recyclage de batteries. Le kibboutz continue surtout \u00e0 faire vivre son syst\u00e8me \u00e9ducatif pour les enfants.<\/p>\n\n\n\n<p class=\"wp-block-paragraph\">Patrick r\u00e9sume cet \u00e9tat d\u2019esprit en disant qu\u2019il faut continuer d\u2019avancer. Apr\u00e8s leur \u00e9vacuation, les habitants ont d\u00e9couvert une immense solidarit\u00e9. Des Isra\u00e9liens et des personnes venues d\u2019ailleurs leur ont apport\u00e9 v\u00eatements, repas, soutien scolaire et aide pour entretenir les champs. Yoni exprime sa reconnaissance pour l\u2019amour re\u00e7u de personnes qui se sont tenues \u00e0 leurs c\u00f4t\u00e9s.<\/p>\n\n\n\n<p class=\"wp-block-paragraph\">Au terme de leur t\u00e9moignage, un message va au-del\u00e0 des blessures et des inqui\u00e9tudes : celui de la solidarit\u00e9 et de la vie. Yoni et Patrick ne cachent ni leurs peurs ni leurs d\u00e9saccords avec certaines \u00e9volutions politiques. Mais ils veulent croire qu\u2019une coexistence avec les Palestiniens demeure possible. Leur esp\u00e9rance est modeste et concr\u00e8te : que les enfants puissent grandir sans courir vers les abris, que les familles retrouvent la s\u00e9curit\u00e9 et que Nir Am redevienne pleinement ce qu\u2019il \u00e9tait pour eux, un lieu o\u00f9 il fait bon vivre.<\/p>\n\n\n\n<p class=\"wp-block-paragraph\"><em>Martin Hoegger<\/em><\/p>\n\n\n\n<hr class=\"wp-block-separator has-alpha-channel-opacity\"\/>\n\n\n\n<p class=\"wp-block-paragraph\">\u00a0<a href=\"applewebdata:\/\/3B460B0B-AD16-4913-A19E-783B2AE73E2C#_msoanchor_1\">[1]<\/a>\u00c0 l\u2019initiative de l\u2019organisation IWS (Israel Werke Schweitz) et le soutien de Guesher (communaut\u00e9 de Saint-Loup), cette soir\u00e9e de sensibilisation \u00e0 ce que vivent des Isra\u00e9liens depuis les attaques terroristes du 7 octobre 2023 a \u00e9t\u00e9 organis\u00e9e par le professeur David Bouillon (HET-PRO).<\/p>\n","protected":false},"excerpt":{"rendered":"<p>Le 26 ao\u00fbt 2026, \u00e0\u00a0la HET-PRO\u00a0[1]\u00a0(Saint L\u00e9gier), Yoni et Patrick, deux habitants du kibboutz Nir Am, situ\u00e9 \u00e0 quelques centaines de m\u00e8tres de la bande de Gaza, ont t\u00e9moign\u00e9 de ce qu\u2019ils ont v\u00e9cu depuis le 7 octobre 2023. Venus en Suisse \u00e0 l\u2019invitation d\u2019amis qui soutiennent leur communaut\u00e9, ils ont voulu raconter leur exp\u00e9rience, [&hellip;]<\/p>\n","protected":false},"author":2,"featured_media":639,"comment_status":"closed","ping_status":"closed","sticky":false,"template":"","format":"standard","meta":{"footnotes":""},"categories":[16],"tags":[],"class_list":["post-638","post","type-post","status-publish","format-standard","has-post-thumbnail","hentry","category-nouvelles"],"yoast_head":"<!-- This site is optimized with the Yoast SEO plugin v28.4 - https:\/\/yoast.com\/product\/yoast-seo-wordpress\/ -->\n<title>Nir Am, choisir la vie apr\u00e8s le 7 octobre - Chemins de communion vers J\u00e9rusalem<\/title>\n<meta name=\"robots\" content=\"index, follow, max-snippet:-1, max-image-preview:large, max-video-preview:-1\" \/>\n<link rel=\"canonical\" href=\"https:\/\/www.communion-unite.org\/en\/article\/nir-am\/\" \/>\n<meta property=\"og:locale\" content=\"en_GB\" \/>\n<meta property=\"og:type\" content=\"article\" \/>\n<meta property=\"og:title\" content=\"Nir Am, choisir la vie apr\u00e8s le 7 octobre - Chemins de communion vers J\u00e9rusalem\" \/>\n<meta property=\"og:description\" content=\"Le 26 ao\u00fbt 2026, \u00e0\u00a0la HET-PRO\u00a0[1]\u00a0(Saint L\u00e9gier), Yoni et Patrick, deux habitants du kibboutz Nir Am, situ\u00e9 \u00e0 quelques centaines de m\u00e8tres de la bande de Gaza, ont t\u00e9moign\u00e9 de ce qu\u2019ils ont v\u00e9cu depuis le 7 octobre 2023. Venus en Suisse \u00e0 l\u2019invitation d\u2019amis qui soutiennent leur communaut\u00e9, ils ont voulu raconter leur exp\u00e9rience, [&hellip;]\" \/>\n<meta property=\"og:url\" content=\"https:\/\/www.communion-unite.org\/en\/article\/nir-am\/\" \/>\n<meta property=\"og:site_name\" content=\"Chemins de communion vers J\u00e9rusalem\" \/>\n<meta property=\"article:published_time\" content=\"2026-09-01T06:38:30+00:00\" \/>\n<meta property=\"article:modified_time\" content=\"2026-09-01T06:40:26+00:00\" \/>\n<meta property=\"og:image\" content=\"https:\/\/www.communion-unite.org\/wp-content\/uploads\/2026\/09\/kibbutz_nir_am.jpeg\" \/>\n\t<meta property=\"og:image:width\" content=\"1600\" \/>\n\t<meta property=\"og:image:height\" content=\"1200\" \/>\n\t<meta property=\"og:image:type\" content=\"image\/jpeg\" \/>\n<meta name=\"author\" content=\"Martin\" \/>\n<meta name=\"twitter:card\" content=\"summary_large_image\" \/>\n<meta name=\"twitter:label1\" content=\"Written by\" \/>\n\t<meta name=\"twitter:data1\" content=\"Martin\" \/>\n\t<meta name=\"twitter:label2\" content=\"Estimated reading time\" \/>\n\t<meta name=\"twitter:data2\" content=\"6 minutes\" \/>\n<script type=\"application\/ld+json\" class=\"yoast-schema-graph\">{\"@context\":\"https:\\\/\\\/schema.org\",\"@graph\":[{\"@type\":\"Article\",\"@id\":\"https:\\\/\\\/www.communion-unite.org\\\/article\\\/nir-am\\\/#article\",\"isPartOf\":{\"@id\":\"https:\\\/\\\/www.communion-unite.org\\\/article\\\/nir-am\\\/\"},\"author\":{\"name\":\"Martin\",\"@id\":\"https:\\\/\\\/www.communion-unite.org\\\/#\\\/schema\\\/person\\\/a178ab324819414338cc4e62acf150a4\"},\"headline\":\"Nir Am, choisir la vie apr\u00e8s le 7 octobre\",\"datePublished\":\"2026-09-01T06:38:30+00:00\",\"dateModified\":\"2026-09-01T06:40:26+00:00\",\"mainEntityOfPage\":{\"@id\":\"https:\\\/\\\/www.communion-unite.org\\\/article\\\/nir-am\\\/\"},\"wordCount\":1177,\"publisher\":{\"@id\":\"https:\\\/\\\/www.communion-unite.org\\\/#organization\"},\"image\":{\"@id\":\"https:\\\/\\\/www.communion-unite.org\\\/article\\\/nir-am\\\/#primaryimage\"},\"thumbnailUrl\":\"https:\\\/\\\/www.communion-unite.org\\\/wp-content\\\/uploads\\\/2026\\\/09\\\/kibbutz_nir_am.jpeg\",\"articleSection\":[\"Nouvelles\"],\"inLanguage\":\"en-GB\"},{\"@type\":\"WebPage\",\"@id\":\"https:\\\/\\\/www.communion-unite.org\\\/article\\\/nir-am\\\/\",\"url\":\"https:\\\/\\\/www.communion-unite.org\\\/article\\\/nir-am\\\/\",\"name\":\"Nir Am, choisir la vie apr\u00e8s le 7 octobre - Chemins de communion vers J\u00e9rusalem\",\"isPartOf\":{\"@id\":\"https:\\\/\\\/www.communion-unite.org\\\/#website\"},\"primaryImageOfPage\":{\"@id\":\"https:\\\/\\\/www.communion-unite.org\\\/article\\\/nir-am\\\/#primaryimage\"},\"image\":{\"@id\":\"https:\\\/\\\/www.communion-unite.org\\\/article\\\/nir-am\\\/#primaryimage\"},\"thumbnailUrl\":\"https:\\\/\\\/www.communion-unite.org\\\/wp-content\\\/uploads\\\/2026\\\/09\\\/kibbutz_nir_am.jpeg\",\"datePublished\":\"2026-09-01T06:38:30+00:00\",\"dateModified\":\"2026-09-01T06:40:26+00:00\",\"breadcrumb\":{\"@id\":\"https:\\\/\\\/www.communion-unite.org\\\/article\\\/nir-am\\\/#breadcrumb\"},\"inLanguage\":\"en-GB\",\"potentialAction\":[{\"@type\":\"ReadAction\",\"target\":[\"https:\\\/\\\/www.communion-unite.org\\\/article\\\/nir-am\\\/\"]}]},{\"@type\":\"ImageObject\",\"inLanguage\":\"en-GB\",\"@id\":\"https:\\\/\\\/www.communion-unite.org\\\/article\\\/nir-am\\\/#primaryimage\",\"url\":\"https:\\\/\\\/www.communion-unite.org\\\/wp-content\\\/uploads\\\/2026\\\/09\\\/kibbutz_nir_am.jpeg\",\"contentUrl\":\"https:\\\/\\\/www.communion-unite.org\\\/wp-content\\\/uploads\\\/2026\\\/09\\\/kibbutz_nir_am.jpeg\",\"width\":1600,\"height\":1200},{\"@type\":\"BreadcrumbList\",\"@id\":\"https:\\\/\\\/www.communion-unite.org\\\/article\\\/nir-am\\\/#breadcrumb\",\"itemListElement\":[{\"@type\":\"ListItem\",\"position\":1,\"name\":\"Accueil\",\"item\":\"https:\\\/\\\/www.communion-unite.org\\\/\"},{\"@type\":\"ListItem\",\"position\":2,\"name\":\"Nir Am, choisir la vie apr\u00e8s le 7 octobre\"}]},{\"@type\":\"WebSite\",\"@id\":\"https:\\\/\\\/www.communion-unite.org\\\/#website\",\"url\":\"https:\\\/\\\/www.communion-unite.org\\\/\",\"name\":\"Chemins de communion vers J\u00e9rusalem\",\"description\":\"\",\"publisher\":{\"@id\":\"https:\\\/\\\/www.communion-unite.org\\\/#organization\"},\"potentialAction\":[{\"@type\":\"SearchAction\",\"target\":{\"@type\":\"EntryPoint\",\"urlTemplate\":\"https:\\\/\\\/www.communion-unite.org\\\/?s={search_term_string}\"},\"query-input\":{\"@type\":\"PropertyValueSpecification\",\"valueRequired\":true,\"valueName\":\"search_term_string\"}}],\"inLanguage\":\"en-GB\"},{\"@type\":\"Organization\",\"@id\":\"https:\\\/\\\/www.communion-unite.org\\\/#organization\",\"name\":\"Chemins de communion vers J\u00e9rusalem\",\"url\":\"https:\\\/\\\/www.communion-unite.org\\\/\",\"logo\":{\"@type\":\"ImageObject\",\"inLanguage\":\"en-GB\",\"@id\":\"https:\\\/\\\/www.communion-unite.org\\\/#\\\/schema\\\/logo\\\/image\\\/\",\"url\":\"https:\\\/\\\/www.communion-unite.org\\\/wp-content\\\/uploads\\\/2026\\\/08\\\/Logo-2-Chemins-vers-Jerusalem.5.jpg\",\"contentUrl\":\"https:\\\/\\\/www.communion-unite.org\\\/wp-content\\\/uploads\\\/2026\\\/08\\\/Logo-2-Chemins-vers-Jerusalem.5.jpg\",\"width\":1254,\"height\":763,\"caption\":\"Chemins de communion vers J\u00e9rusalem\"},\"image\":{\"@id\":\"https:\\\/\\\/www.communion-unite.org\\\/#\\\/schema\\\/logo\\\/image\\\/\"}},{\"@type\":\"Person\",\"@id\":\"https:\\\/\\\/www.communion-unite.org\\\/#\\\/schema\\\/person\\\/a178ab324819414338cc4e62acf150a4\",\"name\":\"Martin\",\"url\":\"https:\\\/\\\/www.communion-unite.org\\\/en\\\/article\\\/author\\\/martinhoegger\\\/\"}]}<\/script>\n<!-- \/ Yoast SEO plugin. -->","yoast_head_json":{"title":"Nir Am, choisir la vie apr\u00e8s le 7 octobre - Chemins de communion vers J\u00e9rusalem","robots":{"index":"index","follow":"follow","max-snippet":"max-snippet:-1","max-image-preview":"max-image-preview:large","max-video-preview":"max-video-preview:-1"},"canonical":"https:\/\/www.communion-unite.org\/en\/article\/nir-am\/","og_locale":"en_GB","og_type":"article","og_title":"Nir Am, choisir la vie apr\u00e8s le 7 octobre - Chemins de communion vers J\u00e9rusalem","og_description":"Le 26 ao\u00fbt 2026, \u00e0\u00a0la HET-PRO\u00a0[1]\u00a0(Saint L\u00e9gier), Yoni et Patrick, deux habitants du kibboutz Nir Am, situ\u00e9 \u00e0 quelques centaines de m\u00e8tres de la bande de Gaza, ont t\u00e9moign\u00e9 de ce qu\u2019ils ont v\u00e9cu depuis le 7 octobre 2023. Venus en Suisse \u00e0 l\u2019invitation d\u2019amis qui soutiennent leur communaut\u00e9, ils ont voulu raconter leur exp\u00e9rience, [&hellip;]","og_url":"https:\/\/www.communion-unite.org\/en\/article\/nir-am\/","og_site_name":"Chemins de communion vers J\u00e9rusalem","article_published_time":"2026-09-01T06:38:30+00:00","article_modified_time":"2026-09-01T06:40:26+00:00","og_image":[{"width":1600,"height":1200,"url":"https:\/\/www.communion-unite.org\/wp-content\/uploads\/2026\/09\/kibbutz_nir_am.jpeg","type":"image\/jpeg"}],"author":"Martin","twitter_card":"summary_large_image","twitter_misc":{"Written by":"Martin","Estimated reading time":"6 minutes"},"schema":{"@context":"https:\/\/schema.org","@graph":[{"@type":"Article","@id":"https:\/\/www.communion-unite.org\/article\/nir-am\/#article","isPartOf":{"@id":"https:\/\/www.communion-unite.org\/article\/nir-am\/"},"author":{"name":"Martin","@id":"https:\/\/www.communion-unite.org\/#\/schema\/person\/a178ab324819414338cc4e62acf150a4"},"headline":"Nir Am, choisir la vie apr\u00e8s le 7 octobre","datePublished":"2026-09-01T06:38:30+00:00","dateModified":"2026-09-01T06:40:26+00:00","mainEntityOfPage":{"@id":"https:\/\/www.communion-unite.org\/article\/nir-am\/"},"wordCount":1177,"publisher":{"@id":"https:\/\/www.communion-unite.org\/#organization"},"image":{"@id":"https:\/\/www.communion-unite.org\/article\/nir-am\/#primaryimage"},"thumbnailUrl":"https:\/\/www.communion-unite.org\/wp-content\/uploads\/2026\/09\/kibbutz_nir_am.jpeg","articleSection":["Nouvelles"],"inLanguage":"en-GB"},{"@type":"WebPage","@id":"https:\/\/www.communion-unite.org\/article\/nir-am\/","url":"https:\/\/www.communion-unite.org\/article\/nir-am\/","name":"Nir Am, choisir la vie apr\u00e8s le 7 octobre - Chemins de communion vers J\u00e9rusalem","isPartOf":{"@id":"https:\/\/www.communion-unite.org\/#website"},"primaryImageOfPage":{"@id":"https:\/\/www.communion-unite.org\/article\/nir-am\/#primaryimage"},"image":{"@id":"https:\/\/www.communion-unite.org\/article\/nir-am\/#primaryimage"},"thumbnailUrl":"https:\/\/www.communion-unite.org\/wp-content\/uploads\/2026\/09\/kibbutz_nir_am.jpeg","datePublished":"2026-09-01T06:38:30+00:00","dateModified":"2026-09-01T06:40:26+00:00","breadcrumb":{"@id":"https:\/\/www.communion-unite.org\/article\/nir-am\/#breadcrumb"},"inLanguage":"en-GB","potentialAction":[{"@type":"ReadAction","target":["https:\/\/www.communion-unite.org\/article\/nir-am\/"]}]},{"@type":"ImageObject","inLanguage":"en-GB","@id":"https:\/\/www.communion-unite.org\/article\/nir-am\/#primaryimage","url":"https:\/\/www.communion-unite.org\/wp-content\/uploads\/2026\/09\/kibbutz_nir_am.jpeg","contentUrl":"https:\/\/www.communion-unite.org\/wp-content\/uploads\/2026\/09\/kibbutz_nir_am.jpeg","width":1600,"height":1200},{"@type":"BreadcrumbList","@id":"https:\/\/www.communion-unite.org\/article\/nir-am\/#breadcrumb","itemListElement":[{"@type":"ListItem","position":1,"name":"Accueil","item":"https:\/\/www.communion-unite.org\/"},{"@type":"ListItem","position":2,"name":"Nir Am, choisir la vie apr\u00e8s le 7 octobre"}]},{"@type":"WebSite","@id":"https:\/\/www.communion-unite.org\/#website","url":"https:\/\/www.communion-unite.org\/","name":"Chemins de communion vers J\u00e9rusalem","description":"","publisher":{"@id":"https:\/\/www.communion-unite.org\/#organization"},"potentialAction":[{"@type":"SearchAction","target":{"@type":"EntryPoint","urlTemplate":"https:\/\/www.communion-unite.org\/?s={search_term_string}"},"query-input":{"@type":"PropertyValueSpecification","valueRequired":true,"valueName":"search_term_string"}}],"inLanguage":"en-GB"},{"@type":"Organization","@id":"https:\/\/www.communion-unite.org\/#organization","name":"Chemins de communion vers J\u00e9rusalem","url":"https:\/\/www.communion-unite.org\/","logo":{"@type":"ImageObject","inLanguage":"en-GB","@id":"https:\/\/www.communion-unite.org\/#\/schema\/logo\/image\/","url":"https:\/\/www.communion-unite.org\/wp-content\/uploads\/2026\/08\/Logo-2-Chemins-vers-Jerusalem.5.jpg","contentUrl":"https:\/\/www.communion-unite.org\/wp-content\/uploads\/2026\/08\/Logo-2-Chemins-vers-Jerusalem.5.jpg","width":1254,"height":763,"caption":"Chemins de communion vers J\u00e9rusalem"},"image":{"@id":"https:\/\/www.communion-unite.org\/#\/schema\/logo\/image\/"}},{"@type":"Person","@id":"https:\/\/www.communion-unite.org\/#\/schema\/person\/a178ab324819414338cc4e62acf150a4","name":"Martin","url":"https:\/\/www.communion-unite.org\/en\/article\/author\/martinhoegger\/"}]}},"_links":{"self":[{"href":"https:\/\/www.communion-unite.org\/en\/wp-json\/wp\/v2\/posts\/638","targetHints":{"allow":["GET"]}}],"collection":[{"href":"https:\/\/www.communion-unite.org\/en\/wp-json\/wp\/v2\/posts"}],"about":[{"href":"https:\/\/www.communion-unite.org\/en\/wp-json\/wp\/v2\/types\/post"}],"author":[{"embeddable":true,"href":"https:\/\/www.communion-unite.org\/en\/wp-json\/wp\/v2\/users\/2"}],"replies":[{"embeddable":true,"href":"https:\/\/www.communion-unite.org\/en\/wp-json\/wp\/v2\/comments?post=638"}],"version-history":[{"count":3,"href":"https:\/\/www.communion-unite.org\/en\/wp-json\/wp\/v2\/posts\/638\/revisions"}],"predecessor-version":[{"id":643,"href":"https:\/\/www.communion-unite.org\/en\/wp-json\/wp\/v2\/posts\/638\/revisions\/643"}],"wp:featuredmedia":[{"embeddable":true,"href":"https:\/\/www.communion-unite.org\/en\/wp-json\/wp\/v2\/media\/639"}],"wp:attachment":[{"href":"https:\/\/www.communion-unite.org\/en\/wp-json\/wp\/v2\/media?parent=638"}],"wp:term":[{"taxonomy":"category","embeddable":true,"href":"https:\/\/www.communion-unite.org\/en\/wp-json\/wp\/v2\/categories?post=638"},{"taxonomy":"post_tag","embeddable":true,"href":"https:\/\/www.communion-unite.org\/en\/wp-json\/wp\/v2\/tags?post=638"}],"curies":[{"name":"wp","href":"https:\/\/api.w.org\/{rel}","templated":true}]}}